{"id":1096,"date":"2021-01-30T13:00:00","date_gmt":"2021-01-30T13:00:00","guid":{"rendered":"https:\/\/arasport.es\/?p=1096"},"modified":"2021-03-01T13:23:47","modified_gmt":"2021-03-01T13:23:47","slug":"diseno-y-gestion-de-vallas-publicitarias","status":"publish","type":"post","link":"https:\/\/arasport.es\/en\/diseno-y-gestion-de-vallas-publicitarias\/","title":{"rendered":"Dise\u00f1o y gesti\u00f3n de Vallas publicitarias"},"content":{"rendered":"<p>Dise\u00f1o y gesti\u00f3n de Vallas publicitarias para Citycar sur.<\/p>\n\n\n\n<p>Las vallas publicitarias son uno de los mejores soportes de exterior, capaces de convertir cualquier mensaje en algo grande. Con la contrataci\u00f3n de vallas publicitarias de exterior, lo que se consigue es gran notoriedad, adem\u00e1s de ser un producto bastante asequible. Pueden contratarse por meses o anualmente.   <\/p>\n\n\n\n<h2 class=\"wp-block-heading\">Trabajos realizados<\/h2>\n\n\n\n<p>Dise\u00f1amos y gestionamos el montaje de las vallas publicitarias de Citycar sur<\/p>\n\n\n\n<p><a href=\"https:\/\/www.mercedes-benz-citycarsur.es\/es\/desktop\/home.html\" target=\"_blank\" rel=\"noreferrer noopener\">Citycar Sur<\/a><\/p>\n\n\n\n<p><a href=\"https:\/\/arasport.es\/en\/trabajos\/\">M\u00e1s<\/a><\/p>","protected":false},"excerpt":{"rendered":"<p>Dise\u00f1o y gesti\u00f3n de Vallas publicitarias para Citycar sur. Las vallas publicitarias son uno de los mejores soportes de exterior, capaces de convertir cualquier mensaje en algo grande. Con la contrataci\u00f3n de vallas publicitarias de exterior, lo que se consigue es gran notoriedad, adem\u00e1s de ser un producto bastante asequible. Pueden contratarse por meses o [&hellip;]<\/p>\n","protected":false},"author":1,"featured_media":289,"comment_status":"closed","ping_status":"closed","sticky":false,"template":"","format":"standard","meta":{"_et_pb_use_builder":"off","_et_pb_old_content":"","_et_gb_content_width":"","footnotes":""},"categories":[1],"tags":[],"class_list":["post-1096","post","type-post","status-publish","format-standard","has-post-thumbnail","hentry","category-automocion"],"yoast_head":"<!-- This site is optimized with the Yoast SEO plugin v27.5 - https:\/\/yoast.com\/product\/yoast-seo-wordpress\/ -->\n<title>Dise\u00f1o y gesti\u00f3n de vallas publicitarias en la zona sur de Madrid<\/title>\n<meta name=\"description\" content=\"Dise\u00f1o y gesti\u00f3n de vallas publicitarias en la zona sur de Madrid. Dise\u00f1o y gesti\u00f3n de las vallas publicitarias de Citycar Sur.\" \/>\n<meta name=\"robots\" content=\"index, follow, max-snippet:-1, max-image-preview:large, max-video-preview:-1\" \/>\n<link rel=\"canonical\" href=\"https:\/\/arasport.es\/en\/diseno-y-gestion-de-vallas-publicitarias\/\" \/>\n<meta property=\"og:locale\" content=\"en_GB\" \/>\n<meta property=\"og:type\" content=\"article\" \/>\n<meta property=\"og:title\" content=\"Dise\u00f1o y gesti\u00f3n de vallas publicitarias en la zona sur de Madrid\" \/>\n<meta property=\"og:description\" content=\"Dise\u00f1o y gesti\u00f3n de vallas publicitarias en la zona sur de Madrid. Dise\u00f1o y gesti\u00f3n de las vallas publicitarias de Citycar Sur.\" \/>\n<meta property=\"og:url\" content=\"https:\/\/arasport.es\/en\/diseno-y-gestion-de-vallas-publicitarias\/\" \/>\n<meta property=\"og:site_name\" content=\"Agencia de publicidad en Madrid\" \/>\n<meta property=\"article:published_time\" content=\"2021-01-30T13:00:00+00:00\" \/>\n<meta property=\"article:modified_time\" content=\"2021-03-01T13:23:47+00:00\" \/>\n<meta property=\"og:image\" content=\"https:\/\/arasport.es\/wp-content\/uploads\/2020\/09\/mercedes-benz-certified.jpg\" \/>\n\t<meta property=\"og:image:width\" content=\"752\" \/>\n\t<meta property=\"og:image:height\" content=\"498\" \/>\n\t<meta property=\"og:image:type\" content=\"image\/jpeg\" \/>\n<meta name=\"author\" content=\"arasport\" \/>\n<meta name=\"twitter:card\" content=\"summary_large_image\" \/>\n<meta name=\"twitter:label1\" content=\"Written by\" \/>\n\t<meta name=\"twitter:data1\" content=\"arasport\" \/>\n\t<meta name=\"twitter:label2\" content=\"Estimated reading time\" \/>\n\t<meta name=\"twitter:data2\" content=\"1 minute\" \/>\n<script type=\"application\/ld+json\" class=\"yoast-schema-graph\">{\"@context\":\"https:\\\/\\\/schema.org\",\"@graph\":[{\"@type\":\"Article\",\"@id\":\"https:\\\/\\\/arasport.es\\\/diseno-y-gestion-de-vallas-publicitarias\\\/#article\",\"isPartOf\":{\"@id\":\"https:\\\/\\\/arasport.es\\\/diseno-y-gestion-de-vallas-publicitarias\\\/\"},\"author\":{\"name\":\"arasport\",\"@id\":\"https:\\\/\\\/arasport.es\\\/#\\\/schema\\\/person\\\/cd06baeef104ed07e2b836a1a9b97802\"},\"headline\":\"Dise\u00f1o y gesti\u00f3n de Vallas publicitarias\",\"datePublished\":\"2021-01-30T13:00:00+00:00\",\"dateModified\":\"2021-03-01T13:23:47+00:00\",\"mainEntityOfPage\":{\"@id\":\"https:\\\/\\\/arasport.es\\\/diseno-y-gestion-de-vallas-publicitarias\\\/\"},\"wordCount\":87,\"publisher\":{\"@id\":\"https:\\\/\\\/arasport.es\\\/#organization\"},\"image\":{\"@id\":\"https:\\\/\\\/arasport.es\\\/diseno-y-gestion-de-vallas-publicitarias\\\/#primaryimage\"},\"thumbnailUrl\":\"https:\\\/\\\/arasport.es\\\/wp-content\\\/uploads\\\/2020\\\/09\\\/mercedes-benz-certified.jpg\",\"articleSection\":[\"AUTOMOCI\u00d3N\"],\"inLanguage\":\"en-GB\"},{\"@type\":\"WebPage\",\"@id\":\"https:\\\/\\\/arasport.es\\\/diseno-y-gestion-de-vallas-publicitarias\\\/\",\"url\":\"https:\\\/\\\/arasport.es\\\/diseno-y-gestion-de-vallas-publicitarias\\\/\",\"name\":\"Dise\u00f1o y gesti\u00f3n de vallas publicitarias en la zona sur de Madrid\",\"isPartOf\":{\"@id\":\"https:\\\/\\\/arasport.es\\\/#website\"},\"primaryImageOfPage\":{\"@id\":\"https:\\\/\\\/arasport.es\\\/diseno-y-gestion-de-vallas-publicitarias\\\/#primaryimage\"},\"image\":{\"@id\":\"https:\\\/\\\/arasport.es\\\/diseno-y-gestion-de-vallas-publicitarias\\\/#primaryimage\"},\"thumbnailUrl\":\"https:\\\/\\\/arasport.es\\\/wp-content\\\/uploads\\\/2020\\\/09\\\/mercedes-benz-certified.jpg\",\"datePublished\":\"2021-01-30T13:00:00+00:00\",\"dateModified\":\"2021-03-01T13:23:47+00:00\",\"description\":\"Dise\u00f1o y gesti\u00f3n de vallas publicitarias en la zona sur de Madrid. Dise\u00f1o y gesti\u00f3n de las vallas publicitarias de Citycar Sur.\",\"breadcrumb\":{\"@id\":\"https:\\\/\\\/arasport.es\\\/diseno-y-gestion-de-vallas-publicitarias\\\/#breadcrumb\"},\"inLanguage\":\"en-GB\",\"potentialAction\":[{\"@type\":\"ReadAction\",\"target\":[\"https:\\\/\\\/arasport.es\\\/diseno-y-gestion-de-vallas-publicitarias\\\/\"]}]},{\"@type\":\"ImageObject\",\"inLanguage\":\"en-GB\",\"@id\":\"https:\\\/\\\/arasport.es\\\/diseno-y-gestion-de-vallas-publicitarias\\\/#primaryimage\",\"url\":\"https:\\\/\\\/arasport.es\\\/wp-content\\\/uploads\\\/2020\\\/09\\\/mercedes-benz-certified.jpg\",\"contentUrl\":\"https:\\\/\\\/arasport.es\\\/wp-content\\\/uploads\\\/2020\\\/09\\\/mercedes-benz-certified.jpg\",\"width\":752,\"height\":498,\"caption\":\"diseno-y-gestion-de-vallas-publicitarias\"},{\"@type\":\"BreadcrumbList\",\"@id\":\"https:\\\/\\\/arasport.es\\\/diseno-y-gestion-de-vallas-publicitarias\\\/#breadcrumb\",\"itemListElement\":[{\"@type\":\"ListItem\",\"position\":1,\"name\":\"Portada\",\"item\":\"https:\\\/\\\/arasport.es\\\/\"},{\"@type\":\"ListItem\",\"position\":2,\"name\":\"Dise\u00f1o y gesti\u00f3n de Vallas publicitarias\"}]},{\"@type\":\"WebSite\",\"@id\":\"https:\\\/\\\/arasport.es\\\/#website\",\"url\":\"https:\\\/\\\/arasport.es\\\/\",\"name\":\"Agencia de publicidad en Madrid\",\"description\":\"Agencia de Publicidad. Dise\u00f1o gr\u00e1fico, dise\u00f1o editorial y maquetaci\u00f3n. Gesti\u00f3n comercial de publicidad. Damos cobertura a toda la zona sur de Madrid.\",\"publisher\":{\"@id\":\"https:\\\/\\\/arasport.es\\\/#organization\"},\"potentialAction\":[{\"@type\":\"SearchAction\",\"target\":{\"@type\":\"EntryPoint\",\"urlTemplate\":\"https:\\\/\\\/arasport.es\\\/?s={search_term_string}\"},\"query-input\":{\"@type\":\"PropertyValueSpecification\",\"valueRequired\":true,\"valueName\":\"search_term_string\"}}],\"inLanguage\":\"en-GB\"},{\"@type\":\"Organization\",\"@id\":\"https:\\\/\\\/arasport.es\\\/#organization\",\"name\":\"Agencia de publicidad en Madrid\",\"url\":\"https:\\\/\\\/arasport.es\\\/\",\"logo\":{\"@type\":\"ImageObject\",\"inLanguage\":\"en-GB\",\"@id\":\"https:\\\/\\\/arasport.es\\\/#\\\/schema\\\/logo\\\/image\\\/\",\"url\":\"https:\\\/\\\/arasport.es\\\/wp-content\\\/uploads\\\/2023\\\/06\\\/PhotoRoom_20231121_091346-e1700554587465.png\",\"contentUrl\":\"https:\\\/\\\/arasport.es\\\/wp-content\\\/uploads\\\/2023\\\/06\\\/PhotoRoom_20231121_091346-e1700554587465.png\",\"width\":1106,\"height\":489,\"caption\":\"Agencia de publicidad en Madrid\"},\"image\":{\"@id\":\"https:\\\/\\\/arasport.es\\\/#\\\/schema\\\/logo\\\/image\\\/\"}},{\"@type\":\"Person\",\"@id\":\"https:\\\/\\\/arasport.es\\\/#\\\/schema\\\/person\\\/cd06baeef104ed07e2b836a1a9b97802\",\"name\":\"arasport\",\"image\":{\"@type\":\"ImageObject\",\"inLanguage\":\"en-GB\",\"@id\":\"https:\\\/\\\/secure.gravatar.com\\\/avatar\\\/260b39e4fd3d3d37f773bad095b3f15f4d6c28a9fab0c800eff0c6c52441ceee?s=96&d=mm&r=g\",\"url\":\"https:\\\/\\\/secure.gravatar.com\\\/avatar\\\/260b39e4fd3d3d37f773bad095b3f15f4d6c28a9fab0c800eff0c6c52441ceee?s=96&d=mm&r=g\",\"contentUrl\":\"https:\\\/\\\/secure.gravatar.com\\\/avatar\\\/260b39e4fd3d3d37f773bad095b3f15f4d6c28a9fab0c800eff0c6c52441ceee?s=96&d=mm&r=g\",\"caption\":\"arasport\"},\"sameAs\":[\"https:\\\/\\\/arasport.es\"],\"url\":\"https:\\\/\\\/arasport.es\\\/en\\\/author\\\/arasport\\\/\"}]}<\/script>\n<!-- \/ Yoast SEO plugin. -->","yoast_head_json":{"title":"Dise\u00f1o y gesti\u00f3n de vallas publicitarias en la zona sur de Madrid","description":"Dise\u00f1o y gesti\u00f3n de vallas publicitarias en la zona sur de Madrid. Dise\u00f1o y gesti\u00f3n de las vallas publicitarias de Citycar Sur.","robots":{"index":"index","follow":"follow","max-snippet":"max-snippet:-1","max-image-preview":"max-image-preview:large","max-video-preview":"max-video-preview:-1"},"canonical":"https:\/\/arasport.es\/en\/diseno-y-gestion-de-vallas-publicitarias\/","og_locale":"en_GB","og_type":"article","og_title":"Dise\u00f1o y gesti\u00f3n de vallas publicitarias en la zona sur de Madrid","og_description":"Dise\u00f1o y gesti\u00f3n de vallas publicitarias en la zona sur de Madrid. Dise\u00f1o y gesti\u00f3n de las vallas publicitarias de Citycar Sur.","og_url":"https:\/\/arasport.es\/en\/diseno-y-gestion-de-vallas-publicitarias\/","og_site_name":"Agencia de publicidad en Madrid","article_published_time":"2021-01-30T13:00:00+00:00","article_modified_time":"2021-03-01T13:23:47+00:00","og_image":[{"width":752,"height":498,"url":"https:\/\/arasport.es\/wp-content\/uploads\/2020\/09\/mercedes-benz-certified.jpg","type":"image\/jpeg"}],"author":"arasport","twitter_card":"summary_large_image","twitter_misc":{"Written by":"arasport","Estimated reading time":"1 minute"},"schema":{"@context":"https:\/\/schema.org","@graph":[{"@type":"Article","@id":"https:\/\/arasport.es\/diseno-y-gestion-de-vallas-publicitarias\/#article","isPartOf":{"@id":"https:\/\/arasport.es\/diseno-y-gestion-de-vallas-publicitarias\/"},"author":{"name":"arasport","@id":"https:\/\/arasport.es\/#\/schema\/person\/cd06baeef104ed07e2b836a1a9b97802"},"headline":"Dise\u00f1o y gesti\u00f3n de Vallas publicitarias","datePublished":"2021-01-30T13:00:00+00:00","dateModified":"2021-03-01T13:23:47+00:00","mainEntityOfPage":{"@id":"https:\/\/arasport.es\/diseno-y-gestion-de-vallas-publicitarias\/"},"wordCount":87,"publisher":{"@id":"https:\/\/arasport.es\/#organization"},"image":{"@id":"https:\/\/arasport.es\/diseno-y-gestion-de-vallas-publicitarias\/#primaryimage"},"thumbnailUrl":"https:\/\/arasport.es\/wp-content\/uploads\/2020\/09\/mercedes-benz-certified.jpg","articleSection":["AUTOMOCI\u00d3N"],"inLanguage":"en-GB"},{"@type":"WebPage","@id":"https:\/\/arasport.es\/diseno-y-gestion-de-vallas-publicitarias\/","url":"https:\/\/arasport.es\/diseno-y-gestion-de-vallas-publicitarias\/","name":"Dise\u00f1o y gesti\u00f3n de vallas publicitarias en la zona sur de Madrid","isPartOf":{"@id":"https:\/\/arasport.es\/#website"},"primaryImageOfPage":{"@id":"https:\/\/arasport.es\/diseno-y-gestion-de-vallas-publicitarias\/#primaryimage"},"image":{"@id":"https:\/\/arasport.es\/diseno-y-gestion-de-vallas-publicitarias\/#primaryimage"},"thumbnailUrl":"https:\/\/arasport.es\/wp-content\/uploads\/2020\/09\/mercedes-benz-certified.jpg","datePublished":"2021-01-30T13:00:00+00:00","dateModified":"2021-03-01T13:23:47+00:00","description":"Dise\u00f1o y gesti\u00f3n de vallas publicitarias en la zona sur de Madrid. Dise\u00f1o y gesti\u00f3n de las vallas publicitarias de Citycar Sur.","breadcrumb":{"@id":"https:\/\/arasport.es\/diseno-y-gestion-de-vallas-publicitarias\/#breadcrumb"},"inLanguage":"en-GB","potentialAction":[{"@type":"ReadAction","target":["https:\/\/arasport.es\/diseno-y-gestion-de-vallas-publicitarias\/"]}]},{"@type":"ImageObject","inLanguage":"en-GB","@id":"https:\/\/arasport.es\/diseno-y-gestion-de-vallas-publicitarias\/#primaryimage","url":"https:\/\/arasport.es\/wp-content\/uploads\/2020\/09\/mercedes-benz-certified.jpg","contentUrl":"https:\/\/arasport.es\/wp-content\/uploads\/2020\/09\/mercedes-benz-certified.jpg","width":752,"height":498,"caption":"diseno-y-gestion-de-vallas-publicitarias"},{"@type":"BreadcrumbList","@id":"https:\/\/arasport.es\/diseno-y-gestion-de-vallas-publicitarias\/#breadcrumb","itemListElement":[{"@type":"ListItem","position":1,"name":"Portada","item":"https:\/\/arasport.es\/"},{"@type":"ListItem","position":2,"name":"Dise\u00f1o y gesti\u00f3n de Vallas publicitarias"}]},{"@type":"WebSite","@id":"https:\/\/arasport.es\/#website","url":"https:\/\/arasport.es\/","name":"Agencia de publicidad en Madrid","description":"Agencia de Publicidad. Dise\u00f1o gr\u00e1fico, dise\u00f1o editorial y maquetaci\u00f3n. Gesti\u00f3n comercial de publicidad. Damos cobertura a toda la zona sur de Madrid.","publisher":{"@id":"https:\/\/arasport.es\/#organization"},"potentialAction":[{"@type":"SearchAction","target":{"@type":"EntryPoint","urlTemplate":"https:\/\/arasport.es\/?s={search_term_string}"},"query-input":{"@type":"PropertyValueSpecification","valueRequired":true,"valueName":"search_term_string"}}],"inLanguage":"en-GB"},{"@type":"Organization","@id":"https:\/\/arasport.es\/#organization","name":"Agencia de publicidad en Madrid","url":"https:\/\/arasport.es\/","logo":{"@type":"ImageObject","inLanguage":"en-GB","@id":"https:\/\/arasport.es\/#\/schema\/logo\/image\/","url":"https:\/\/arasport.es\/wp-content\/uploads\/2023\/06\/PhotoRoom_20231121_091346-e1700554587465.png","contentUrl":"https:\/\/arasport.es\/wp-content\/uploads\/2023\/06\/PhotoRoom_20231121_091346-e1700554587465.png","width":1106,"height":489,"caption":"Agencia de publicidad en Madrid"},"image":{"@id":"https:\/\/arasport.es\/#\/schema\/logo\/image\/"}},{"@type":"Person","@id":"https:\/\/arasport.es\/#\/schema\/person\/cd06baeef104ed07e2b836a1a9b97802","name":"arasport","image":{"@type":"ImageObject","inLanguage":"en-GB","@id":"https:\/\/secure.gravatar.com\/avatar\/260b39e4fd3d3d37f773bad095b3f15f4d6c28a9fab0c800eff0c6c52441ceee?s=96&d=mm&r=g","url":"https:\/\/secure.gravatar.com\/avatar\/260b39e4fd3d3d37f773bad095b3f15f4d6c28a9fab0c800eff0c6c52441ceee?s=96&d=mm&r=g","contentUrl":"https:\/\/secure.gravatar.com\/avatar\/260b39e4fd3d3d37f773bad095b3f15f4d6c28a9fab0c800eff0c6c52441ceee?s=96&d=mm&r=g","caption":"arasport"},"sameAs":["https:\/\/arasport.es"],"url":"https:\/\/arasport.es\/en\/author\/arasport\/"}]}},"_links":{"self":[{"href":"https:\/\/arasport.es\/en\/wp-json\/wp\/v2\/posts\/1096","targetHints":{"allow":["GET"]}}],"collection":[{"href":"https:\/\/arasport.es\/en\/wp-json\/wp\/v2\/posts"}],"about":[{"href":"https:\/\/arasport.es\/en\/wp-json\/wp\/v2\/types\/post"}],"author":[{"embeddable":true,"href":"https:\/\/arasport.es\/en\/wp-json\/wp\/v2\/users\/1"}],"replies":[{"embeddable":true,"href":"https:\/\/arasport.es\/en\/wp-json\/wp\/v2\/comments?post=1096"}],"version-history":[{"count":1,"href":"https:\/\/arasport.es\/en\/wp-json\/wp\/v2\/posts\/1096\/revisions"}],"predecessor-version":[{"id":1097,"href":"https:\/\/arasport.es\/en\/wp-json\/wp\/v2\/posts\/1096\/revisions\/1097"}],"wp:featuredmedia":[{"embeddable":true,"href":"https:\/\/arasport.es\/en\/wp-json\/wp\/v2\/media\/289"}],"wp:attachment":[{"href":"https:\/\/arasport.es\/en\/wp-json\/wp\/v2\/media?parent=1096"}],"wp:term":[{"taxonomy":"category","embeddable":true,"href":"https:\/\/arasport.es\/en\/wp-json\/wp\/v2\/categories?post=1096"},{"taxonomy":"post_tag","embeddable":true,"href":"https:\/\/arasport.es\/en\/wp-json\/wp\/v2\/tags?post=1096"}],"curies":[{"name":"wp","href":"https:\/\/api.w.org\/{rel}","templated":true}]}}