{"id":1051,"date":"2021-02-18T10:13:15","date_gmt":"2021-02-18T10:13:15","guid":{"rendered":"https:\/\/arasport.es\/?p=1051"},"modified":"2021-02-18T10:16:55","modified_gmt":"2021-02-18T10:16:55","slug":"patrocionio-intercampus-leganes","status":"publish","type":"post","link":"https:\/\/arasport.es\/en\/patrocionio-intercampus-leganes\/","title":{"rendered":"Nuevo Clase B en La Intercampus"},"content":{"rendered":"<h2 class=\"wp-block-heading\">Patrocinio de la Intercampus de Legan\u00e9s<\/h2>\n\n\n\n<p><strong>Citycar sur<\/strong> y el nuevo <strong>clase B<\/strong> patrocinadores de la Intercampus de Legan\u00e9s. <\/p>\n\n\n\n<p><strong>La Clase B<\/strong> equipa numerosos sistemas de asistencia a la conducci\u00f3n que facilitan tu tarea al volante. <\/p>\n\n\n\n<p>Por ejemplo, el asistente activo de distancia DISTRONIC, que puede mantener autom\u00e1ticamente la distancia deseada o el asistente de frenado activo, capaz de frenar en una situaci\u00f3n cr\u00edtica. <\/p>\n\n\n\n<p>De ese modo, t\u00fa y tu familia podr\u00e9is sentiros siempre en buenas manos.<\/p>\n\n\n\n<p>La Clase B te da la bienvenida con un ambiente interior sin igual en su categor\u00eda. <\/p>\n\n\n\n<p>Art\u00edfice de ello es un dise\u00f1o envolvente de alta calidad. Las transiciones entre el cuadro de instrumentos, la consola central y los revestimientos de las puertas son casi imperceptibles. Esto hace que los ocupantes se sientan literalmente abrazados.<\/p>\n\n\n\n<p>En la oficina, en familia y tambi\u00e9n en la Clase B, pues est\u00e1 equipada con un sistema natural e intuitivo de reconocimiento de voz. Si lo prefieres, puedes realizar los ajustes m\u00e1s importantes a trav\u00e9s de la pantalla t\u00e1ctil o el panel t\u00e1ctil. Como m\u00e1s te guste.<\/p>\n\n\n\n<p><a href=\"https:\/\/www.mercedes-benz-citycarsur.es\/es\/desktop\/passenger-cars\/actions\/financial-offers\/offers-overview\/b-class.html\" target=\"_blank\" rel=\"noreferrer noopener\">Citycar sur<\/a><\/p>\n\n\n\n<h2 class=\"wp-block-heading\">Trabajos realizados<\/h2>\n\n\n\n<p>Rotulaci\u00f3n de veh\u00edculos y contrataci\u00f3n de espacios. <\/p>\n\n\n\n<p><a href=\"https:\/\/arasport.es\/en\/trabajos\/\">M\u00e1s<\/a><\/p>","protected":false},"excerpt":{"rendered":"<p>Patrocinio de la Intercampus de Legan\u00e9s Citycar sur y el nuevo clase B patrocinadores de la Intercampus de Legan\u00e9s. La Clase B equipa numerosos sistemas de asistencia a la conducci\u00f3n que facilitan tu tarea al volante. Por ejemplo, el asistente activo de distancia DISTRONIC, que puede mantener autom\u00e1ticamente la distancia deseada o el asistente de [&hellip;]<\/p>\n","protected":false},"author":1,"featured_media":147,"comment_status":"closed","ping_status":"closed","sticky":false,"template":"","format":"standard","meta":{"_et_pb_use_builder":"off","_et_pb_old_content":"","_et_gb_content_width":"","footnotes":""},"categories":[1],"tags":[],"class_list":["post-1051","post","type-post","status-publish","format-standard","has-post-thumbnail","hentry","category-automocion"],"yoast_head":"<!-- This site is optimized with the Yoast SEO plugin v27.5 - https:\/\/yoast.com\/product\/yoast-seo-wordpress\/ -->\n<title>Patrocinio de la Intercampus de Legan\u00e9s de Citycar Sur y nuevo Clase B<\/title>\n<meta name=\"description\" content=\"Patrocinio de la carrera en la Intercampus de Legan\u00e9s. Patrocinador Citycar Sur y nuevo Clase B. Rotulaci\u00f3n y contrataci\u00f3n de espacios\" \/>\n<meta name=\"robots\" content=\"index, follow, max-snippet:-1, max-image-preview:large, max-video-preview:-1\" \/>\n<link rel=\"canonical\" href=\"https:\/\/arasport.es\/en\/patrocionio-intercampus-leganes\/\" \/>\n<meta property=\"og:locale\" content=\"en_GB\" \/>\n<meta property=\"og:type\" content=\"article\" \/>\n<meta property=\"og:title\" content=\"Patrocinio de la Intercampus de Legan\u00e9s de Citycar Sur y nuevo Clase B\" \/>\n<meta property=\"og:description\" content=\"Patrocinio de la carrera en la Intercampus de Legan\u00e9s. Patrocinador Citycar Sur y nuevo Clase B. Rotulaci\u00f3n y contrataci\u00f3n de espacios\" \/>\n<meta property=\"og:url\" content=\"https:\/\/arasport.es\/en\/patrocionio-intercampus-leganes\/\" \/>\n<meta property=\"og:site_name\" content=\"Agencia de publicidad en Madrid\" \/>\n<meta property=\"article:published_time\" content=\"2021-02-18T10:13:15+00:00\" \/>\n<meta property=\"article:modified_time\" content=\"2021-02-18T10:16:55+00:00\" \/>\n<meta property=\"og:image\" content=\"https:\/\/arasport.es\/wp-content\/uploads\/2020\/09\/carrera-intercampus-patrocinio-nuevo-clase-b-mercedes-benz.jpg\" \/>\n\t<meta property=\"og:image:width\" content=\"752\" \/>\n\t<meta property=\"og:image:height\" content=\"498\" \/>\n\t<meta property=\"og:image:type\" content=\"image\/jpeg\" \/>\n<meta name=\"author\" content=\"arasport\" \/>\n<meta name=\"twitter:card\" content=\"summary_large_image\" \/>\n<meta name=\"twitter:label1\" content=\"Written by\" \/>\n\t<meta name=\"twitter:data1\" content=\"arasport\" \/>\n\t<meta name=\"twitter:label2\" content=\"Estimated reading time\" \/>\n\t<meta name=\"twitter:data2\" content=\"1 minute\" \/>\n<script type=\"application\/ld+json\" class=\"yoast-schema-graph\">{\"@context\":\"https:\\\/\\\/schema.org\",\"@graph\":[{\"@type\":\"Article\",\"@id\":\"https:\\\/\\\/arasport.es\\\/patrocionio-intercampus-leganes\\\/#article\",\"isPartOf\":{\"@id\":\"https:\\\/\\\/arasport.es\\\/patrocionio-intercampus-leganes\\\/\"},\"author\":{\"name\":\"arasport\",\"@id\":\"https:\\\/\\\/arasport.es\\\/#\\\/schema\\\/person\\\/cd06baeef104ed07e2b836a1a9b97802\"},\"headline\":\"Nuevo Clase B en La Intercampus\",\"datePublished\":\"2021-02-18T10:13:15+00:00\",\"dateModified\":\"2021-02-18T10:16:55+00:00\",\"mainEntityOfPage\":{\"@id\":\"https:\\\/\\\/arasport.es\\\/patrocionio-intercampus-leganes\\\/\"},\"wordCount\":216,\"publisher\":{\"@id\":\"https:\\\/\\\/arasport.es\\\/#organization\"},\"image\":{\"@id\":\"https:\\\/\\\/arasport.es\\\/patrocionio-intercampus-leganes\\\/#primaryimage\"},\"thumbnailUrl\":\"https:\\\/\\\/arasport.es\\\/wp-content\\\/uploads\\\/2020\\\/09\\\/carrera-intercampus-patrocinio-nuevo-clase-b-mercedes-benz.jpg\",\"articleSection\":[\"AUTOMOCI\u00d3N\"],\"inLanguage\":\"en-GB\"},{\"@type\":\"WebPage\",\"@id\":\"https:\\\/\\\/arasport.es\\\/patrocionio-intercampus-leganes\\\/\",\"url\":\"https:\\\/\\\/arasport.es\\\/patrocionio-intercampus-leganes\\\/\",\"name\":\"Patrocinio de la Intercampus de Legan\u00e9s de Citycar Sur y nuevo Clase B\",\"isPartOf\":{\"@id\":\"https:\\\/\\\/arasport.es\\\/#website\"},\"primaryImageOfPage\":{\"@id\":\"https:\\\/\\\/arasport.es\\\/patrocionio-intercampus-leganes\\\/#primaryimage\"},\"image\":{\"@id\":\"https:\\\/\\\/arasport.es\\\/patrocionio-intercampus-leganes\\\/#primaryimage\"},\"thumbnailUrl\":\"https:\\\/\\\/arasport.es\\\/wp-content\\\/uploads\\\/2020\\\/09\\\/carrera-intercampus-patrocinio-nuevo-clase-b-mercedes-benz.jpg\",\"datePublished\":\"2021-02-18T10:13:15+00:00\",\"dateModified\":\"2021-02-18T10:16:55+00:00\",\"description\":\"Patrocinio de la carrera en la Intercampus de Legan\u00e9s. Patrocinador Citycar Sur y nuevo Clase B. Rotulaci\u00f3n y contrataci\u00f3n de espacios\",\"breadcrumb\":{\"@id\":\"https:\\\/\\\/arasport.es\\\/patrocionio-intercampus-leganes\\\/#breadcrumb\"},\"inLanguage\":\"en-GB\",\"potentialAction\":[{\"@type\":\"ReadAction\",\"target\":[\"https:\\\/\\\/arasport.es\\\/patrocionio-intercampus-leganes\\\/\"]}]},{\"@type\":\"ImageObject\",\"inLanguage\":\"en-GB\",\"@id\":\"https:\\\/\\\/arasport.es\\\/patrocionio-intercampus-leganes\\\/#primaryimage\",\"url\":\"https:\\\/\\\/arasport.es\\\/wp-content\\\/uploads\\\/2020\\\/09\\\/carrera-intercampus-patrocinio-nuevo-clase-b-mercedes-benz.jpg\",\"contentUrl\":\"https:\\\/\\\/arasport.es\\\/wp-content\\\/uploads\\\/2020\\\/09\\\/carrera-intercampus-patrocinio-nuevo-clase-b-mercedes-benz.jpg\",\"width\":752,\"height\":498,\"caption\":\"carrera-intercampus-patrocinio-nuevo-clase-b-mercedes-benz\"},{\"@type\":\"BreadcrumbList\",\"@id\":\"https:\\\/\\\/arasport.es\\\/patrocionio-intercampus-leganes\\\/#breadcrumb\",\"itemListElement\":[{\"@type\":\"ListItem\",\"position\":1,\"name\":\"Portada\",\"item\":\"https:\\\/\\\/arasport.es\\\/\"},{\"@type\":\"ListItem\",\"position\":2,\"name\":\"Nuevo Clase B en La Intercampus\"}]},{\"@type\":\"WebSite\",\"@id\":\"https:\\\/\\\/arasport.es\\\/#website\",\"url\":\"https:\\\/\\\/arasport.es\\\/\",\"name\":\"Agencia de publicidad en Madrid\",\"description\":\"Agencia de Publicidad. Dise\u00f1o gr\u00e1fico, dise\u00f1o editorial y maquetaci\u00f3n. Gesti\u00f3n comercial de publicidad. Damos cobertura a toda la zona sur de Madrid.\",\"publisher\":{\"@id\":\"https:\\\/\\\/arasport.es\\\/#organization\"},\"potentialAction\":[{\"@type\":\"SearchAction\",\"target\":{\"@type\":\"EntryPoint\",\"urlTemplate\":\"https:\\\/\\\/arasport.es\\\/?s={search_term_string}\"},\"query-input\":{\"@type\":\"PropertyValueSpecification\",\"valueRequired\":true,\"valueName\":\"search_term_string\"}}],\"inLanguage\":\"en-GB\"},{\"@type\":\"Organization\",\"@id\":\"https:\\\/\\\/arasport.es\\\/#organization\",\"name\":\"Agencia de publicidad en Madrid\",\"url\":\"https:\\\/\\\/arasport.es\\\/\",\"logo\":{\"@type\":\"ImageObject\",\"inLanguage\":\"en-GB\",\"@id\":\"https:\\\/\\\/arasport.es\\\/#\\\/schema\\\/logo\\\/image\\\/\",\"url\":\"https:\\\/\\\/arasport.es\\\/wp-content\\\/uploads\\\/2023\\\/06\\\/PhotoRoom_20231121_091346-e1700554587465.png\",\"contentUrl\":\"https:\\\/\\\/arasport.es\\\/wp-content\\\/uploads\\\/2023\\\/06\\\/PhotoRoom_20231121_091346-e1700554587465.png\",\"width\":1106,\"height\":489,\"caption\":\"Agencia de publicidad en Madrid\"},\"image\":{\"@id\":\"https:\\\/\\\/arasport.es\\\/#\\\/schema\\\/logo\\\/image\\\/\"}},{\"@type\":\"Person\",\"@id\":\"https:\\\/\\\/arasport.es\\\/#\\\/schema\\\/person\\\/cd06baeef104ed07e2b836a1a9b97802\",\"name\":\"arasport\",\"image\":{\"@type\":\"ImageObject\",\"inLanguage\":\"en-GB\",\"@id\":\"https:\\\/\\\/secure.gravatar.com\\\/avatar\\\/260b39e4fd3d3d37f773bad095b3f15f4d6c28a9fab0c800eff0c6c52441ceee?s=96&d=mm&r=g\",\"url\":\"https:\\\/\\\/secure.gravatar.com\\\/avatar\\\/260b39e4fd3d3d37f773bad095b3f15f4d6c28a9fab0c800eff0c6c52441ceee?s=96&d=mm&r=g\",\"contentUrl\":\"https:\\\/\\\/secure.gravatar.com\\\/avatar\\\/260b39e4fd3d3d37f773bad095b3f15f4d6c28a9fab0c800eff0c6c52441ceee?s=96&d=mm&r=g\",\"caption\":\"arasport\"},\"sameAs\":[\"https:\\\/\\\/arasport.es\"],\"url\":\"https:\\\/\\\/arasport.es\\\/en\\\/author\\\/arasport\\\/\"}]}<\/script>\n<!-- \/ Yoast SEO plugin. -->","yoast_head_json":{"title":"Patrocinio de la Intercampus de Legan\u00e9s de Citycar Sur y nuevo Clase B","description":"Patrocinio de la carrera en la Intercampus de Legan\u00e9s. Patrocinador Citycar Sur y nuevo Clase B. Rotulaci\u00f3n y contrataci\u00f3n de espacios","robots":{"index":"index","follow":"follow","max-snippet":"max-snippet:-1","max-image-preview":"max-image-preview:large","max-video-preview":"max-video-preview:-1"},"canonical":"https:\/\/arasport.es\/en\/patrocionio-intercampus-leganes\/","og_locale":"en_GB","og_type":"article","og_title":"Patrocinio de la Intercampus de Legan\u00e9s de Citycar Sur y nuevo Clase B","og_description":"Patrocinio de la carrera en la Intercampus de Legan\u00e9s. Patrocinador Citycar Sur y nuevo Clase B. Rotulaci\u00f3n y contrataci\u00f3n de espacios","og_url":"https:\/\/arasport.es\/en\/patrocionio-intercampus-leganes\/","og_site_name":"Agencia de publicidad en Madrid","article_published_time":"2021-02-18T10:13:15+00:00","article_modified_time":"2021-02-18T10:16:55+00:00","og_image":[{"width":752,"height":498,"url":"https:\/\/arasport.es\/wp-content\/uploads\/2020\/09\/carrera-intercampus-patrocinio-nuevo-clase-b-mercedes-benz.jpg","type":"image\/jpeg"}],"author":"arasport","twitter_card":"summary_large_image","twitter_misc":{"Written by":"arasport","Estimated reading time":"1 minute"},"schema":{"@context":"https:\/\/schema.org","@graph":[{"@type":"Article","@id":"https:\/\/arasport.es\/patrocionio-intercampus-leganes\/#article","isPartOf":{"@id":"https:\/\/arasport.es\/patrocionio-intercampus-leganes\/"},"author":{"name":"arasport","@id":"https:\/\/arasport.es\/#\/schema\/person\/cd06baeef104ed07e2b836a1a9b97802"},"headline":"Nuevo Clase B en La Intercampus","datePublished":"2021-02-18T10:13:15+00:00","dateModified":"2021-02-18T10:16:55+00:00","mainEntityOfPage":{"@id":"https:\/\/arasport.es\/patrocionio-intercampus-leganes\/"},"wordCount":216,"publisher":{"@id":"https:\/\/arasport.es\/#organization"},"image":{"@id":"https:\/\/arasport.es\/patrocionio-intercampus-leganes\/#primaryimage"},"thumbnailUrl":"https:\/\/arasport.es\/wp-content\/uploads\/2020\/09\/carrera-intercampus-patrocinio-nuevo-clase-b-mercedes-benz.jpg","articleSection":["AUTOMOCI\u00d3N"],"inLanguage":"en-GB"},{"@type":"WebPage","@id":"https:\/\/arasport.es\/patrocionio-intercampus-leganes\/","url":"https:\/\/arasport.es\/patrocionio-intercampus-leganes\/","name":"Patrocinio de la Intercampus de Legan\u00e9s de Citycar Sur y nuevo Clase B","isPartOf":{"@id":"https:\/\/arasport.es\/#website"},"primaryImageOfPage":{"@id":"https:\/\/arasport.es\/patrocionio-intercampus-leganes\/#primaryimage"},"image":{"@id":"https:\/\/arasport.es\/patrocionio-intercampus-leganes\/#primaryimage"},"thumbnailUrl":"https:\/\/arasport.es\/wp-content\/uploads\/2020\/09\/carrera-intercampus-patrocinio-nuevo-clase-b-mercedes-benz.jpg","datePublished":"2021-02-18T10:13:15+00:00","dateModified":"2021-02-18T10:16:55+00:00","description":"Patrocinio de la carrera en la Intercampus de Legan\u00e9s. Patrocinador Citycar Sur y nuevo Clase B. Rotulaci\u00f3n y contrataci\u00f3n de espacios","breadcrumb":{"@id":"https:\/\/arasport.es\/patrocionio-intercampus-leganes\/#breadcrumb"},"inLanguage":"en-GB","potentialAction":[{"@type":"ReadAction","target":["https:\/\/arasport.es\/patrocionio-intercampus-leganes\/"]}]},{"@type":"ImageObject","inLanguage":"en-GB","@id":"https:\/\/arasport.es\/patrocionio-intercampus-leganes\/#primaryimage","url":"https:\/\/arasport.es\/wp-content\/uploads\/2020\/09\/carrera-intercampus-patrocinio-nuevo-clase-b-mercedes-benz.jpg","contentUrl":"https:\/\/arasport.es\/wp-content\/uploads\/2020\/09\/carrera-intercampus-patrocinio-nuevo-clase-b-mercedes-benz.jpg","width":752,"height":498,"caption":"carrera-intercampus-patrocinio-nuevo-clase-b-mercedes-benz"},{"@type":"BreadcrumbList","@id":"https:\/\/arasport.es\/patrocionio-intercampus-leganes\/#breadcrumb","itemListElement":[{"@type":"ListItem","position":1,"name":"Portada","item":"https:\/\/arasport.es\/"},{"@type":"ListItem","position":2,"name":"Nuevo Clase B en La Intercampus"}]},{"@type":"WebSite","@id":"https:\/\/arasport.es\/#website","url":"https:\/\/arasport.es\/","name":"Agencia de publicidad en Madrid","description":"Agencia de Publicidad. Dise\u00f1o gr\u00e1fico, dise\u00f1o editorial y maquetaci\u00f3n. Gesti\u00f3n comercial de publicidad. Damos cobertura a toda la zona sur de Madrid.","publisher":{"@id":"https:\/\/arasport.es\/#organization"},"potentialAction":[{"@type":"SearchAction","target":{"@type":"EntryPoint","urlTemplate":"https:\/\/arasport.es\/?s={search_term_string}"},"query-input":{"@type":"PropertyValueSpecification","valueRequired":true,"valueName":"search_term_string"}}],"inLanguage":"en-GB"},{"@type":"Organization","@id":"https:\/\/arasport.es\/#organization","name":"Agencia de publicidad en Madrid","url":"https:\/\/arasport.es\/","logo":{"@type":"ImageObject","inLanguage":"en-GB","@id":"https:\/\/arasport.es\/#\/schema\/logo\/image\/","url":"https:\/\/arasport.es\/wp-content\/uploads\/2023\/06\/PhotoRoom_20231121_091346-e1700554587465.png","contentUrl":"https:\/\/arasport.es\/wp-content\/uploads\/2023\/06\/PhotoRoom_20231121_091346-e1700554587465.png","width":1106,"height":489,"caption":"Agencia de publicidad en Madrid"},"image":{"@id":"https:\/\/arasport.es\/#\/schema\/logo\/image\/"}},{"@type":"Person","@id":"https:\/\/arasport.es\/#\/schema\/person\/cd06baeef104ed07e2b836a1a9b97802","name":"arasport","image":{"@type":"ImageObject","inLanguage":"en-GB","@id":"https:\/\/secure.gravatar.com\/avatar\/260b39e4fd3d3d37f773bad095b3f15f4d6c28a9fab0c800eff0c6c52441ceee?s=96&d=mm&r=g","url":"https:\/\/secure.gravatar.com\/avatar\/260b39e4fd3d3d37f773bad095b3f15f4d6c28a9fab0c800eff0c6c52441ceee?s=96&d=mm&r=g","contentUrl":"https:\/\/secure.gravatar.com\/avatar\/260b39e4fd3d3d37f773bad095b3f15f4d6c28a9fab0c800eff0c6c52441ceee?s=96&d=mm&r=g","caption":"arasport"},"sameAs":["https:\/\/arasport.es"],"url":"https:\/\/arasport.es\/en\/author\/arasport\/"}]}},"_links":{"self":[{"href":"https:\/\/arasport.es\/en\/wp-json\/wp\/v2\/posts\/1051","targetHints":{"allow":["GET"]}}],"collection":[{"href":"https:\/\/arasport.es\/en\/wp-json\/wp\/v2\/posts"}],"about":[{"href":"https:\/\/arasport.es\/en\/wp-json\/wp\/v2\/types\/post"}],"author":[{"embeddable":true,"href":"https:\/\/arasport.es\/en\/wp-json\/wp\/v2\/users\/1"}],"replies":[{"embeddable":true,"href":"https:\/\/arasport.es\/en\/wp-json\/wp\/v2\/comments?post=1051"}],"version-history":[{"count":3,"href":"https:\/\/arasport.es\/en\/wp-json\/wp\/v2\/posts\/1051\/revisions"}],"predecessor-version":[{"id":1056,"href":"https:\/\/arasport.es\/en\/wp-json\/wp\/v2\/posts\/1051\/revisions\/1056"}],"wp:featuredmedia":[{"embeddable":true,"href":"https:\/\/arasport.es\/en\/wp-json\/wp\/v2\/media\/147"}],"wp:attachment":[{"href":"https:\/\/arasport.es\/en\/wp-json\/wp\/v2\/media?parent=1051"}],"wp:term":[{"taxonomy":"category","embeddable":true,"href":"https:\/\/arasport.es\/en\/wp-json\/wp\/v2\/categories?post=1051"},{"taxonomy":"post_tag","embeddable":true,"href":"https:\/\/arasport.es\/en\/wp-json\/wp\/v2\/tags?post=1051"}],"curies":[{"name":"wp","href":"https:\/\/api.w.org\/{rel}","templated":true}]}}