{"id":1046,"date":"2021-02-23T09:25:48","date_gmt":"2021-02-23T09:25:48","guid":{"rendered":"https:\/\/arasport.es\/?p=1046"},"modified":"2021-02-25T12:18:44","modified_gmt":"2021-02-25T12:18:44","slug":"presentacion-nuevo-mercedes-clase-v","status":"publish","type":"post","link":"https:\/\/arasport.es\/en\/presentacion-nuevo-mercedes-clase-v\/","title":{"rendered":"Presentaci\u00f3n nuevo Mercedes Clase V en Islazul"},"content":{"rendered":"<h2 class=\"wp-block-heading\">Presentaci\u00f3n nuevo Mercedes Clase V en el centro comercial Islazul, Madrid.<\/h2>\n\n\n\n<p>El nuevo Mercedes Clase V es el predilecto de la familia, est\u00e1 dotado con el gran confort caracter\u00edstico de Mercedes-Benz: <\/p>\n\n\n\n<p>desde la amplia habitabilidad a la calidad de materiales y acabados, pasando por el sistema de manejo intuitivo o la iluminaci\u00f3n de ambiente.<\/p>\n\n\n\n<p>Todo est\u00e1 pensado para que tu estancia en el Clase V sea lo m\u00e1s agradable posible y con la mayor seguridad para que t\u00fa solo te preocupes de disfrutar.\u00a0 <\/p>\n\n\n\n<p>Ver m\u00e1s <a href=\"https:\/\/www.mercedes-benz-citycarsur.es\/es\/desktop\/vans\/vehicle-type\/new-vans\/model-overview-vans\/v-class.html\" target=\"_blank\" rel=\"noreferrer noopener\">aqu\u00ed<\/a><\/p>\n\n\n\n<h2 class=\"wp-block-heading\">Trabajos realizados .<\/h2>\n\n\n\n<p>Primero: Contrataci\u00f3n de espacios<\/p>\n\n\n\n<p>Segundo: dise\u00f1o y montaje de la exposici\u00f3n.<\/p>\n\n\n\n<p><a href=\"https:\/\/arasport.es\/en\/trabajos\/\">M\u00e1s<\/a><\/p>","protected":false},"excerpt":{"rendered":"<p>Presentaci\u00f3n nuevo Mercedes Clase V en el centro comercial Islazul, Madrid. El nuevo Mercedes Clase V es el predilecto de la familia, est\u00e1 dotado con el gran confort caracter\u00edstico de Mercedes-Benz: desde la amplia habitabilidad a la calidad de materiales y acabados, pasando por el sistema de manejo intuitivo o la iluminaci\u00f3n de ambiente. Todo [&hellip;]<\/p>\n","protected":false},"author":1,"featured_media":290,"comment_status":"closed","ping_status":"closed","sticky":false,"template":"","format":"standard","meta":{"_et_pb_use_builder":"off","_et_pb_old_content":"","_et_gb_content_width":"","footnotes":""},"categories":[1],"tags":[],"class_list":["post-1046","post","type-post","status-publish","format-standard","has-post-thumbnail","hentry","category-automocion"],"yoast_head":"<!-- This site is optimized with the Yoast SEO plugin v27.5 - https:\/\/yoast.com\/product\/yoast-seo-wordpress\/ -->\n<title>Presentaci\u00f3n nuevo Mercedes Clase V en Islazul, Madrid.<\/title>\n<meta name=\"description\" content=\"Presentaci\u00f3n nuevo Mercedes Clase V en el centro comercial Islazul. Contrataci\u00f3n de espacios, dise\u00f1o y montaje de la exposici\u00f3n.\" \/>\n<meta name=\"robots\" content=\"index, follow, max-snippet:-1, max-image-preview:large, max-video-preview:-1\" \/>\n<link rel=\"canonical\" href=\"https:\/\/arasport.es\/en\/presentacion-nuevo-mercedes-clase-v\/\" \/>\n<meta property=\"og:locale\" content=\"en_GB\" \/>\n<meta property=\"og:type\" content=\"article\" \/>\n<meta property=\"og:title\" content=\"Presentaci\u00f3n nuevo Mercedes Clase V en Islazul, Madrid.\" \/>\n<meta property=\"og:description\" content=\"Presentaci\u00f3n nuevo Mercedes Clase V en el centro comercial Islazul. Contrataci\u00f3n de espacios, dise\u00f1o y montaje de la exposici\u00f3n.\" \/>\n<meta property=\"og:url\" content=\"https:\/\/arasport.es\/en\/presentacion-nuevo-mercedes-clase-v\/\" \/>\n<meta property=\"og:site_name\" content=\"Agencia de publicidad en Madrid\" \/>\n<meta property=\"article:published_time\" content=\"2021-02-23T09:25:48+00:00\" \/>\n<meta property=\"article:modified_time\" content=\"2021-02-25T12:18:44+00:00\" \/>\n<meta property=\"og:image\" content=\"https:\/\/arasport.es\/wp-content\/uploads\/2020\/09\/mercedes-clase-v.jpg\" \/>\n\t<meta property=\"og:image:width\" content=\"400\" \/>\n\t<meta property=\"og:image:height\" content=\"300\" \/>\n\t<meta property=\"og:image:type\" content=\"image\/jpeg\" \/>\n<meta name=\"author\" content=\"arasport\" \/>\n<meta name=\"twitter:card\" content=\"summary_large_image\" \/>\n<meta name=\"twitter:label1\" content=\"Written by\" \/>\n\t<meta name=\"twitter:data1\" content=\"arasport\" \/>\n\t<meta name=\"twitter:label2\" content=\"Estimated reading time\" \/>\n\t<meta name=\"twitter:data2\" content=\"1 minute\" \/>\n<script type=\"application\/ld+json\" class=\"yoast-schema-graph\">{\"@context\":\"https:\\\/\\\/schema.org\",\"@graph\":[{\"@type\":\"Article\",\"@id\":\"https:\\\/\\\/arasport.es\\\/presentacion-nuevo-mercedes-clase-v\\\/#article\",\"isPartOf\":{\"@id\":\"https:\\\/\\\/arasport.es\\\/presentacion-nuevo-mercedes-clase-v\\\/\"},\"author\":{\"name\":\"arasport\",\"@id\":\"https:\\\/\\\/arasport.es\\\/#\\\/schema\\\/person\\\/cd06baeef104ed07e2b836a1a9b97802\"},\"headline\":\"Presentaci\u00f3n nuevo Mercedes Clase V en Islazul\",\"datePublished\":\"2021-02-23T09:25:48+00:00\",\"dateModified\":\"2021-02-25T12:18:44+00:00\",\"mainEntityOfPage\":{\"@id\":\"https:\\\/\\\/arasport.es\\\/presentacion-nuevo-mercedes-clase-v\\\/\"},\"wordCount\":117,\"publisher\":{\"@id\":\"https:\\\/\\\/arasport.es\\\/#organization\"},\"image\":{\"@id\":\"https:\\\/\\\/arasport.es\\\/presentacion-nuevo-mercedes-clase-v\\\/#primaryimage\"},\"thumbnailUrl\":\"https:\\\/\\\/arasport.es\\\/wp-content\\\/uploads\\\/2020\\\/09\\\/mercedes-clase-v.jpg\",\"articleSection\":[\"AUTOMOCI\u00d3N\"],\"inLanguage\":\"en-GB\"},{\"@type\":\"WebPage\",\"@id\":\"https:\\\/\\\/arasport.es\\\/presentacion-nuevo-mercedes-clase-v\\\/\",\"url\":\"https:\\\/\\\/arasport.es\\\/presentacion-nuevo-mercedes-clase-v\\\/\",\"name\":\"Presentaci\u00f3n nuevo Mercedes Clase V en Islazul, Madrid.\",\"isPartOf\":{\"@id\":\"https:\\\/\\\/arasport.es\\\/#website\"},\"primaryImageOfPage\":{\"@id\":\"https:\\\/\\\/arasport.es\\\/presentacion-nuevo-mercedes-clase-v\\\/#primaryimage\"},\"image\":{\"@id\":\"https:\\\/\\\/arasport.es\\\/presentacion-nuevo-mercedes-clase-v\\\/#primaryimage\"},\"thumbnailUrl\":\"https:\\\/\\\/arasport.es\\\/wp-content\\\/uploads\\\/2020\\\/09\\\/mercedes-clase-v.jpg\",\"datePublished\":\"2021-02-23T09:25:48+00:00\",\"dateModified\":\"2021-02-25T12:18:44+00:00\",\"description\":\"Presentaci\u00f3n nuevo Mercedes Clase V en el centro comercial Islazul. Contrataci\u00f3n de espacios, dise\u00f1o y montaje de la exposici\u00f3n.\",\"breadcrumb\":{\"@id\":\"https:\\\/\\\/arasport.es\\\/presentacion-nuevo-mercedes-clase-v\\\/#breadcrumb\"},\"inLanguage\":\"en-GB\",\"potentialAction\":[{\"@type\":\"ReadAction\",\"target\":[\"https:\\\/\\\/arasport.es\\\/presentacion-nuevo-mercedes-clase-v\\\/\"]}]},{\"@type\":\"ImageObject\",\"inLanguage\":\"en-GB\",\"@id\":\"https:\\\/\\\/arasport.es\\\/presentacion-nuevo-mercedes-clase-v\\\/#primaryimage\",\"url\":\"https:\\\/\\\/arasport.es\\\/wp-content\\\/uploads\\\/2020\\\/09\\\/mercedes-clase-v.jpg\",\"contentUrl\":\"https:\\\/\\\/arasport.es\\\/wp-content\\\/uploads\\\/2020\\\/09\\\/mercedes-clase-v.jpg\",\"width\":400,\"height\":300,\"caption\":\"mercedes-clase-v\"},{\"@type\":\"BreadcrumbList\",\"@id\":\"https:\\\/\\\/arasport.es\\\/presentacion-nuevo-mercedes-clase-v\\\/#breadcrumb\",\"itemListElement\":[{\"@type\":\"ListItem\",\"position\":1,\"name\":\"Portada\",\"item\":\"https:\\\/\\\/arasport.es\\\/\"},{\"@type\":\"ListItem\",\"position\":2,\"name\":\"Presentaci\u00f3n nuevo Mercedes Clase V en Islazul\"}]},{\"@type\":\"WebSite\",\"@id\":\"https:\\\/\\\/arasport.es\\\/#website\",\"url\":\"https:\\\/\\\/arasport.es\\\/\",\"name\":\"Agencia de publicidad en Madrid\",\"description\":\"Agencia de Publicidad. Dise\u00f1o gr\u00e1fico, dise\u00f1o editorial y maquetaci\u00f3n. Gesti\u00f3n comercial de publicidad. Damos cobertura a toda la zona sur de Madrid.\",\"publisher\":{\"@id\":\"https:\\\/\\\/arasport.es\\\/#organization\"},\"potentialAction\":[{\"@type\":\"SearchAction\",\"target\":{\"@type\":\"EntryPoint\",\"urlTemplate\":\"https:\\\/\\\/arasport.es\\\/?s={search_term_string}\"},\"query-input\":{\"@type\":\"PropertyValueSpecification\",\"valueRequired\":true,\"valueName\":\"search_term_string\"}}],\"inLanguage\":\"en-GB\"},{\"@type\":\"Organization\",\"@id\":\"https:\\\/\\\/arasport.es\\\/#organization\",\"name\":\"Agencia de publicidad en Madrid\",\"url\":\"https:\\\/\\\/arasport.es\\\/\",\"logo\":{\"@type\":\"ImageObject\",\"inLanguage\":\"en-GB\",\"@id\":\"https:\\\/\\\/arasport.es\\\/#\\\/schema\\\/logo\\\/image\\\/\",\"url\":\"https:\\\/\\\/arasport.es\\\/wp-content\\\/uploads\\\/2023\\\/06\\\/PhotoRoom_20231121_091346-e1700554587465.png\",\"contentUrl\":\"https:\\\/\\\/arasport.es\\\/wp-content\\\/uploads\\\/2023\\\/06\\\/PhotoRoom_20231121_091346-e1700554587465.png\",\"width\":1106,\"height\":489,\"caption\":\"Agencia de publicidad en Madrid\"},\"image\":{\"@id\":\"https:\\\/\\\/arasport.es\\\/#\\\/schema\\\/logo\\\/image\\\/\"}},{\"@type\":\"Person\",\"@id\":\"https:\\\/\\\/arasport.es\\\/#\\\/schema\\\/person\\\/cd06baeef104ed07e2b836a1a9b97802\",\"name\":\"arasport\",\"image\":{\"@type\":\"ImageObject\",\"inLanguage\":\"en-GB\",\"@id\":\"https:\\\/\\\/secure.gravatar.com\\\/avatar\\\/260b39e4fd3d3d37f773bad095b3f15f4d6c28a9fab0c800eff0c6c52441ceee?s=96&d=mm&r=g\",\"url\":\"https:\\\/\\\/secure.gravatar.com\\\/avatar\\\/260b39e4fd3d3d37f773bad095b3f15f4d6c28a9fab0c800eff0c6c52441ceee?s=96&d=mm&r=g\",\"contentUrl\":\"https:\\\/\\\/secure.gravatar.com\\\/avatar\\\/260b39e4fd3d3d37f773bad095b3f15f4d6c28a9fab0c800eff0c6c52441ceee?s=96&d=mm&r=g\",\"caption\":\"arasport\"},\"sameAs\":[\"https:\\\/\\\/arasport.es\"],\"url\":\"https:\\\/\\\/arasport.es\\\/en\\\/author\\\/arasport\\\/\"}]}<\/script>\n<!-- \/ Yoast SEO plugin. -->","yoast_head_json":{"title":"Presentaci\u00f3n nuevo Mercedes Clase V en Islazul, Madrid.","description":"Presentaci\u00f3n nuevo Mercedes Clase V en el centro comercial Islazul. Contrataci\u00f3n de espacios, dise\u00f1o y montaje de la exposici\u00f3n.","robots":{"index":"index","follow":"follow","max-snippet":"max-snippet:-1","max-image-preview":"max-image-preview:large","max-video-preview":"max-video-preview:-1"},"canonical":"https:\/\/arasport.es\/en\/presentacion-nuevo-mercedes-clase-v\/","og_locale":"en_GB","og_type":"article","og_title":"Presentaci\u00f3n nuevo Mercedes Clase V en Islazul, Madrid.","og_description":"Presentaci\u00f3n nuevo Mercedes Clase V en el centro comercial Islazul. Contrataci\u00f3n de espacios, dise\u00f1o y montaje de la exposici\u00f3n.","og_url":"https:\/\/arasport.es\/en\/presentacion-nuevo-mercedes-clase-v\/","og_site_name":"Agencia de publicidad en Madrid","article_published_time":"2021-02-23T09:25:48+00:00","article_modified_time":"2021-02-25T12:18:44+00:00","og_image":[{"width":400,"height":300,"url":"https:\/\/arasport.es\/wp-content\/uploads\/2020\/09\/mercedes-clase-v.jpg","type":"image\/jpeg"}],"author":"arasport","twitter_card":"summary_large_image","twitter_misc":{"Written by":"arasport","Estimated reading time":"1 minute"},"schema":{"@context":"https:\/\/schema.org","@graph":[{"@type":"Article","@id":"https:\/\/arasport.es\/presentacion-nuevo-mercedes-clase-v\/#article","isPartOf":{"@id":"https:\/\/arasport.es\/presentacion-nuevo-mercedes-clase-v\/"},"author":{"name":"arasport","@id":"https:\/\/arasport.es\/#\/schema\/person\/cd06baeef104ed07e2b836a1a9b97802"},"headline":"Presentaci\u00f3n nuevo Mercedes Clase V en Islazul","datePublished":"2021-02-23T09:25:48+00:00","dateModified":"2021-02-25T12:18:44+00:00","mainEntityOfPage":{"@id":"https:\/\/arasport.es\/presentacion-nuevo-mercedes-clase-v\/"},"wordCount":117,"publisher":{"@id":"https:\/\/arasport.es\/#organization"},"image":{"@id":"https:\/\/arasport.es\/presentacion-nuevo-mercedes-clase-v\/#primaryimage"},"thumbnailUrl":"https:\/\/arasport.es\/wp-content\/uploads\/2020\/09\/mercedes-clase-v.jpg","articleSection":["AUTOMOCI\u00d3N"],"inLanguage":"en-GB"},{"@type":"WebPage","@id":"https:\/\/arasport.es\/presentacion-nuevo-mercedes-clase-v\/","url":"https:\/\/arasport.es\/presentacion-nuevo-mercedes-clase-v\/","name":"Presentaci\u00f3n nuevo Mercedes Clase V en Islazul, Madrid.","isPartOf":{"@id":"https:\/\/arasport.es\/#website"},"primaryImageOfPage":{"@id":"https:\/\/arasport.es\/presentacion-nuevo-mercedes-clase-v\/#primaryimage"},"image":{"@id":"https:\/\/arasport.es\/presentacion-nuevo-mercedes-clase-v\/#primaryimage"},"thumbnailUrl":"https:\/\/arasport.es\/wp-content\/uploads\/2020\/09\/mercedes-clase-v.jpg","datePublished":"2021-02-23T09:25:48+00:00","dateModified":"2021-02-25T12:18:44+00:00","description":"Presentaci\u00f3n nuevo Mercedes Clase V en el centro comercial Islazul. Contrataci\u00f3n de espacios, dise\u00f1o y montaje de la exposici\u00f3n.","breadcrumb":{"@id":"https:\/\/arasport.es\/presentacion-nuevo-mercedes-clase-v\/#breadcrumb"},"inLanguage":"en-GB","potentialAction":[{"@type":"ReadAction","target":["https:\/\/arasport.es\/presentacion-nuevo-mercedes-clase-v\/"]}]},{"@type":"ImageObject","inLanguage":"en-GB","@id":"https:\/\/arasport.es\/presentacion-nuevo-mercedes-clase-v\/#primaryimage","url":"https:\/\/arasport.es\/wp-content\/uploads\/2020\/09\/mercedes-clase-v.jpg","contentUrl":"https:\/\/arasport.es\/wp-content\/uploads\/2020\/09\/mercedes-clase-v.jpg","width":400,"height":300,"caption":"mercedes-clase-v"},{"@type":"BreadcrumbList","@id":"https:\/\/arasport.es\/presentacion-nuevo-mercedes-clase-v\/#breadcrumb","itemListElement":[{"@type":"ListItem","position":1,"name":"Portada","item":"https:\/\/arasport.es\/"},{"@type":"ListItem","position":2,"name":"Presentaci\u00f3n nuevo Mercedes Clase V en Islazul"}]},{"@type":"WebSite","@id":"https:\/\/arasport.es\/#website","url":"https:\/\/arasport.es\/","name":"Agencia de publicidad en Madrid","description":"Agencia de Publicidad. Dise\u00f1o gr\u00e1fico, dise\u00f1o editorial y maquetaci\u00f3n. Gesti\u00f3n comercial de publicidad. Damos cobertura a toda la zona sur de Madrid.","publisher":{"@id":"https:\/\/arasport.es\/#organization"},"potentialAction":[{"@type":"SearchAction","target":{"@type":"EntryPoint","urlTemplate":"https:\/\/arasport.es\/?s={search_term_string}"},"query-input":{"@type":"PropertyValueSpecification","valueRequired":true,"valueName":"search_term_string"}}],"inLanguage":"en-GB"},{"@type":"Organization","@id":"https:\/\/arasport.es\/#organization","name":"Agencia de publicidad en Madrid","url":"https:\/\/arasport.es\/","logo":{"@type":"ImageObject","inLanguage":"en-GB","@id":"https:\/\/arasport.es\/#\/schema\/logo\/image\/","url":"https:\/\/arasport.es\/wp-content\/uploads\/2023\/06\/PhotoRoom_20231121_091346-e1700554587465.png","contentUrl":"https:\/\/arasport.es\/wp-content\/uploads\/2023\/06\/PhotoRoom_20231121_091346-e1700554587465.png","width":1106,"height":489,"caption":"Agencia de publicidad en Madrid"},"image":{"@id":"https:\/\/arasport.es\/#\/schema\/logo\/image\/"}},{"@type":"Person","@id":"https:\/\/arasport.es\/#\/schema\/person\/cd06baeef104ed07e2b836a1a9b97802","name":"arasport","image":{"@type":"ImageObject","inLanguage":"en-GB","@id":"https:\/\/secure.gravatar.com\/avatar\/260b39e4fd3d3d37f773bad095b3f15f4d6c28a9fab0c800eff0c6c52441ceee?s=96&d=mm&r=g","url":"https:\/\/secure.gravatar.com\/avatar\/260b39e4fd3d3d37f773bad095b3f15f4d6c28a9fab0c800eff0c6c52441ceee?s=96&d=mm&r=g","contentUrl":"https:\/\/secure.gravatar.com\/avatar\/260b39e4fd3d3d37f773bad095b3f15f4d6c28a9fab0c800eff0c6c52441ceee?s=96&d=mm&r=g","caption":"arasport"},"sameAs":["https:\/\/arasport.es"],"url":"https:\/\/arasport.es\/en\/author\/arasport\/"}]}},"_links":{"self":[{"href":"https:\/\/arasport.es\/en\/wp-json\/wp\/v2\/posts\/1046","targetHints":{"allow":["GET"]}}],"collection":[{"href":"https:\/\/arasport.es\/en\/wp-json\/wp\/v2\/posts"}],"about":[{"href":"https:\/\/arasport.es\/en\/wp-json\/wp\/v2\/types\/post"}],"author":[{"embeddable":true,"href":"https:\/\/arasport.es\/en\/wp-json\/wp\/v2\/users\/1"}],"replies":[{"embeddable":true,"href":"https:\/\/arasport.es\/en\/wp-json\/wp\/v2\/comments?post=1046"}],"version-history":[{"count":2,"href":"https:\/\/arasport.es\/en\/wp-json\/wp\/v2\/posts\/1046\/revisions"}],"predecessor-version":[{"id":1048,"href":"https:\/\/arasport.es\/en\/wp-json\/wp\/v2\/posts\/1046\/revisions\/1048"}],"wp:featuredmedia":[{"embeddable":true,"href":"https:\/\/arasport.es\/en\/wp-json\/wp\/v2\/media\/290"}],"wp:attachment":[{"href":"https:\/\/arasport.es\/en\/wp-json\/wp\/v2\/media?parent=1046"}],"wp:term":[{"taxonomy":"category","embeddable":true,"href":"https:\/\/arasport.es\/en\/wp-json\/wp\/v2\/categories?post=1046"},{"taxonomy":"post_tag","embeddable":true,"href":"https:\/\/arasport.es\/en\/wp-json\/wp\/v2\/tags?post=1046"}],"curies":[{"name":"wp","href":"https:\/\/api.w.org\/{rel}","templated":true}]}}